{"id":27,"date":"2010-03-12T12:41:24","date_gmt":"2010-03-12T12:41:24","guid":{"rendered":"http:\/\/www.patriebalere.it\/wordpress\/?p=27"},"modified":"2011-12-22T15:29:29","modified_gmt":"2011-12-22T15:29:29","slug":"anniversario","status":"publish","type":"post","link":"https:\/\/www.patriebalere.it\/wordpress\/?p=27","title":{"rendered":"Anniversario"},"content":{"rendered":"<p style=\"text-align: justify;\"><a href=\"http:\/\/www.patriebalere.it\/wordpress\/wp-content\/uploads\/2011\/12\/Stefano-Masi-4..jpg\"><img decoding=\"async\" loading=\"lazy\" class=\"alignleft size-thumbnail wp-image-28\" title=\"pensierini serali\" src=\"http:\/\/www.patriebalere.it\/wordpress\/wp-content\/uploads\/2011\/12\/Stefano-Masi-4.-150x150.jpg\" alt=\"\" width=\"150\" height=\"150\" \/><\/a>Oggi \u00e8 un anno esatto che ho iniziato a ballare!<\/p>\n<p style=\"text-align: justify;\">Ho atteso questi giorni per aprire il mio blog di futili storie e riflessioni sui ballerini e sulle sale da ballo compiendo un passo che si \u00e8 materializzato come inevitabile non pi\u00f9 di due mesi fa quando ho constatato che non mi bastavano pi\u00f9 le tre serate di ballo settimanale e che avevo bisogno di sfogare tutto l\u2019arretrato che avevo dentro.<\/p>\n<p style=\"text-align: justify;\">Cos\u00ec, terminato il lavoro, nelle sere in cui non avevamo allenamento,\u00a0 ho cominciato a scrivere rapide storie legate al mondo delle balere, unendo la passione per la scrittura che avevo in giovent\u00f9 con quella per la danza maturata in vecchiaia e trovando nel blog la forma pi\u00f9 immediata e democratica di pubblicazione.<\/p>\n<p style=\"text-align: justify;\">Il risultato potr\u00e0 non piacere, ma intanto \u00e8 importante mettere nero su bianco le sensazioni che provo guardando me stesso e gli altri interagire in quel microcosmo rappresentato dalla sala da ballo e poi nel variegato mondo dei frequentatori di balere forse altri sentono lo stesso bisogno di parlare, raccontare, ascoltare questo genere di storie.<\/p>\n<p style=\"text-align: justify;\">Purtroppo i frequentatori di internet e di blog non appartengono generalmente alla medesima categoria dei frequentatori delle sale di liscio e pertanto potremmo non incontrarci mai.<\/p>\n<p>&nbsp;<\/p>\n<p>&nbsp;<\/p>\n","protected":false},"excerpt":{"rendered":"<p>Oggi \u00e8 un anno esatto che ho iniziato a ballare! Ho atteso questi giorni per aprire il mio blog di futili storie e riflessioni sui ballerini e sulle sale da ballo compiendo un passo che si \u00e8 materializzato come inevitabile non pi\u00f9 di due mesi fa quando ho constatato che non mi bastavano pi\u00f9 le &hellip; <a href=\"https:\/\/www.patriebalere.it\/wordpress\/?p=27\" class=\"more-link\">Continua a leggere <span class=\"screen-reader-text\">Anniversario<\/span><\/a><\/p>\n","protected":false},"author":1,"featured_media":0,"comment_status":"open","ping_status":"open","sticky":false,"template":"","format":"gallery","meta":[],"categories":[4],"tags":[10],"_links":{"self":[{"href":"https:\/\/www.patriebalere.it\/wordpress\/index.php?rest_route=\/wp\/v2\/posts\/27"}],"collection":[{"href":"https:\/\/www.patriebalere.it\/wordpress\/index.php?rest_route=\/wp\/v2\/posts"}],"about":[{"href":"https:\/\/www.patriebalere.it\/wordpress\/index.php?rest_route=\/wp\/v2\/types\/post"}],"author":[{"embeddable":true,"href":"https:\/\/www.patriebalere.it\/wordpress\/index.php?rest_route=\/wp\/v2\/users\/1"}],"replies":[{"embeddable":true,"href":"https:\/\/www.patriebalere.it\/wordpress\/index.php?rest_route=%2Fwp%2Fv2%2Fcomments&post=27"}],"version-history":[{"count":2,"href":"https:\/\/www.patriebalere.it\/wordpress\/index.php?rest_route=\/wp\/v2\/posts\/27\/revisions"}],"predecessor-version":[{"id":182,"href":"https:\/\/www.patriebalere.it\/wordpress\/index.php?rest_route=\/wp\/v2\/posts\/27\/revisions\/182"}],"wp:attachment":[{"href":"https:\/\/www.patriebalere.it\/wordpress\/index.php?rest_route=%2Fwp%2Fv2%2Fmedia&parent=27"}],"wp:term":[{"taxonomy":"category","embeddable":true,"href":"https:\/\/www.patriebalere.it\/wordpress\/index.php?rest_route=%2Fwp%2Fv2%2Fcategories&post=27"},{"taxonomy":"post_tag","embeddable":true,"href":"https:\/\/www.patriebalere.it\/wordpress\/index.php?rest_route=%2Fwp%2Fv2%2Ftags&post=27"}],"curies":[{"name":"wp","href":"https:\/\/api.w.org\/{rel}","templated":true}]}}